{"id":275,"date":"2023-04-09T08:23:39","date_gmt":"2023-04-09T07:23:39","guid":{"rendered":"https:\/\/blackwhiteround.de\/?p=275"},"modified":"2023-04-09T08:24:20","modified_gmt":"2023-04-09T07:24:20","slug":"kopfsache","status":"publish","type":"post","link":"https:\/\/blackwhiteround.de\/?p=275","title":{"rendered":"Kopfsache"},"content":{"rendered":"<p>Abendlicher Musikgenuss bei etwas mehr als Zimmerlautst\u00e4rke kann zu vorger\u00fcckter Stunde die gut nachbarlichen Beziehungen in einem Mehrfamilienhaus durchaus strapazieren. Die naheliegende L\u00f6sung heisst da Kopfh\u00f6rer anziehen. Und genau das rangierte bei mir bislang eher unter der Kategorie Hassliebe.<\/p>\n<p><img data-recalc-dims=\"1\" loading=\"lazy\" decoding=\"async\" src=\"https:\/\/i0.wp.com\/blackwhiteround.de\/wp-content\/uploads\/2023\/04\/headphones.jpg?resize=740%2C555&#038;ssl=1\" alt=\"\" width=\"740\" height=\"555\" class=\"aligncenter size-large wp-image-270\" srcset=\"https:\/\/i0.wp.com\/blackwhiteround.de\/wp-content\/uploads\/2023\/04\/headphones-scaled.jpg?resize=1024%2C768&amp;ssl=1 1024w, https:\/\/i0.wp.com\/blackwhiteround.de\/wp-content\/uploads\/2023\/04\/headphones-scaled.jpg?resize=300%2C225&amp;ssl=1 300w, https:\/\/i0.wp.com\/blackwhiteround.de\/wp-content\/uploads\/2023\/04\/headphones-scaled.jpg?resize=768%2C576&amp;ssl=1 768w, https:\/\/i0.wp.com\/blackwhiteround.de\/wp-content\/uploads\/2023\/04\/headphones-scaled.jpg?resize=1536%2C1152&amp;ssl=1 1536w, https:\/\/i0.wp.com\/blackwhiteround.de\/wp-content\/uploads\/2023\/04\/headphones-scaled.jpg?resize=2048%2C1536&amp;ssl=1 2048w, https:\/\/i0.wp.com\/blackwhiteround.de\/wp-content\/uploads\/2023\/04\/headphones-scaled.jpg?resize=840%2C630&amp;ssl=1 840w, https:\/\/i0.wp.com\/blackwhiteround.de\/wp-content\/uploads\/2023\/04\/headphones-scaled.jpg?w=1480&amp;ssl=1 1480w, https:\/\/i0.wp.com\/blackwhiteround.de\/wp-content\/uploads\/2023\/04\/headphones-scaled.jpg?w=2220&amp;ssl=1 2220w\" sizes=\"auto, (max-width: 740px) 100vw, 740px\" \/><\/p>\n<p>Ob \u00abIn-Ear\u00bb oder \u00abOver-Ear\u00bb. Mal st\u00f6rt das dumpfe Gef\u00fchl dicht abschliessender St\u00f6psel, dann nervt die Notwendigkeit des Nachkorrigierens, weil die Gummi- oder Schaumst\u00fccke nicht zu 100% in meinen Geh\u00f6rgang passen und im Zweifelsfall macht sich einstellender Druckschmerz nach 40-50 Minuten den Musikgenuss ganz schnell zum Musikfrust. Gleiches gilt f\u00fcr zu schwere H\u00f6rmuscheln, zu hohen Anpressdruck auf die Ohren oder schwitzende, heisse Ohren von den das Ohr umschliessenden H\u00f6rmuscheln, alles Dinge, die mir Einzeln oder in Summe die Lust am H\u00f6ren verleiden k\u00f6nnen.<\/p>\n<p>Und doch habe ich einige Kopfh\u00f6rer im Arsenal und j\u00fcngst war sogar Verst\u00e4rkung angesagt.<\/p>\n<p><strong>AKG K702<\/strong><\/p>\n<p>Mein erster halbwegs seri\u00f6ser Kopfh\u00f6rer. Prim\u00e4r gekauft, um beim Bass \u00fcben oder Sounds am PC basteln nicht die beste Ehefrau von allen zu nerven und Musikh\u00f6ren kann man damit eben auch. Angepriesen wurde das Ger\u00e4t als Referenz-Studiokopfh\u00f6rer mit neutraler Tonwiedergabe und genau das war es, was ich wollte. Am mobilen Zuspieler ist der AKG eher unpraktisch. Neben dem deutlich zu langen Kabel (ok, k\u00f6nnte man tauschen) braucht es einfach zu viel Power, um den AKG mit ad\u00e4quater Lautst\u00e4rke betreiben zu k\u00f6nnen.<\/p>\n<p><strong>Bowers &amp; Wilkins P5<\/strong><\/p>\n<p>Mobile Zuspieler sind eben doch ein Thema, wenn man unterwegs ist und ich fand die beigelegten iPod bzw. iPhone Kopfh\u00f6rer weder tonal noch beim Handling \/ Komfort besonders ansprechend. Dazu kam die schwache D\u00e4mpfung von Aussenger\u00e4uschen, die einen gezwungen haben, unangenehm laut aufzudrehen, deshalb sollte es etwas Solides \u00fcber die Ohren sein, das genug d\u00e4mpft, nicht aus den Ohren f\u00e4llt und eine Telefonieunterst\u00fctzung an Bord hat. Gelandet bin ich bei B&amp;W. Vermutlich hat mich dann noch etwas der Designteufel geritten, denn die P5 sind schon optische Sahneschnittchen. Zugegeben, die Lammlederpolsterung der H\u00f6rmuscheln ist nichts f\u00fcr die veganen Musikfreunde, aber das ist ein anderes Thema\u2026<\/p>\n<p><strong>Hifiman HE400i<\/strong><\/p>\n<p>Fehlkauf will ich nicht sagen, aber unn\u00f6tig trifft es sicherlich. Ich hatte diverse Reviews gelesen, die HE400i waren angeblich so \u00fcberragend im Vergleich zu den AKG, dann hatte Amazon eine Black Friday Aktion und es kam eins zum anderen. Klanglich absolut ok und aus meiner Sichtweise vergleichbar mit den AKGs, vom Tragekomfort nach meinem Empfinden etwas schlechter und das recht kurze Kabel finde ich suboptimal. Dieser Kopfh\u00f6rer fristet bei mir eher ein Schattendasein.<\/p>\n<p><strong>Sony WF-1000XM4<\/strong><\/p>\n<p>Zwischenzeitlich war\/ist active noise cancelling ein Riesenthema, platzsparend, kabellos, angenehm zu tragen und mit \u00fcberragendem Klang \u2013 das waren die Versprechen. Ersteres stimmt, und beim Reisen sind die kleinen Sonys schon toll. Aber in Sachen Tragekomfort empfinde ich selbst die kleinsten Ohrst\u00fccke nach sp\u00e4testens einer Stunde als st\u00f6rend und unterm Strich reift die Erkenntnis, dass wenn schon Kopfh\u00f6rer ich vermutlich doch eher dem Over-Ear Lager angeh\u00f6re.<\/p>\n<p><strong>Grado Hemp<\/strong><\/p>\n<p>Und damit w\u00e4ren wir bei einem meiner Neuzug\u00e4nge der j\u00fcngeren Zeit. Das New Yorker Familienunternehmen Grado war mir in Sachen Schallplatten Tonabnehmer schon l\u00e4nger ein Begriff. Im Rahmen der Recherche \u00fcber diverse audiophile Ger\u00e4tschaften, bin ich immer wieder \u00fcber Berichte von Kopfh\u00f6rer aus gleichnamigen Hause gestossen. Ein Satz blieb dabei bei mir h\u00e4ngen: Grados sind ins Sachen Kopfh\u00f6rer das, was Klipsch in Sachen Lautsprecher ist. Nicht das letzte Wort in Sachen Aufl\u00f6sung und Detail, aber direkt, lebendig, am ehesten was man als livemusik-\u00e4hnlich beschreiben w\u00fcrde. Damit war die Flamme entfacht. Der Versuch das Flaggschiffmodell PS1000 via Auktion zu erwerben, blieb erfolglos (ich h\u00e4tte mehr bieten sollen \u2013 der Preis war noch immer gut). Ich lernte, dass der Grado f\u00fcr die meisten Leute grottenschlecht sitzt, ein beliebtes Modell f\u00fcr Modifikationen ist und schliesslich fiel meine Wahl auf das Modell \u00abHemp\u00bb. Hanf\/Ahorn-Komposit f\u00fcr die H\u00f6rmuscheln \u2013 was l\u00e4sst man sich nicht alles einfallen, um ein limited Edition Verkaufsargument zu haben. Egal, den Spruch \u00abder Klipsch unter den Kopfh\u00f6rern\u00bb w\u00fcrde ich unterschreiben. Ein wirklich packender Klang und ja, bequem geht vermutlich anders, wobei mich die d\u00fcnnen Ohrpolster und der Sitz auf dem Ohr gar nicht so sehr st\u00f6ren. Aber das l\u00e4sst sich ja sowieso alles \u00abmodden\u00bb<\/p>\n<p><strong>Dan Clark Aeon 2<\/strong><\/p>\n<p>Wie man unschwer erkennen kann ist mein Fuhrpark in Sachen Kopfh\u00f6rer mehr als ausreichend best\u00fcckt. Und ich sollte vermutlich aufh\u00f6ren mich \u00abrein interessehalber\u00bb auf den bekannten online Auktionsplattformen rumzutreiben. Ich st\u00f6bere also durch die Neuzug\u00e4nge in Sachen Kopfh\u00f6rer, sortiere Preise absteigend und bin ersch\u00fcttert wie viel Geld man f\u00fcr Kopfh\u00f6rer ausgeben kann. Wobei &#8211; ich habe auch schon Lautsprecher im sechsstelligen Eurobereich (vor dem Komma wohlgemerkt) gesehen. Die M\u00f6glichkeiten sein Portemonnaie zu erleichtern, kennen bekanntlich keine Grenzen, aber zur\u00fcck. Kopfh\u00f6rer f\u00fcr mehr als Tausend Euro wurden feilgeboten, manche Namen hatte ich schon mal geh\u00f6rt, manche nicht \u2013 \u00fcblicherweise versuche ich was ich nicht kenne einzuordnen und dazu lese ich dann diverse Produktreviews. Dan Clark war mir bislang kein Begriff. Der Aeon 2 sah ungew\u00f6hnlich aus mit seinen roten H\u00f6rschalen, Neupreis 999,- CHF, also mal lesen was das Internet dazu weiss. Eine Vielzahl von YT-Videos und Reviews sp\u00e4ter weiss ich, dass ich den Kopfh\u00f6rer nat\u00fcrlich nicht brauche, aber schon gerne ausprobieren w\u00fcrde. Schlicht und ergreifend vor dem Hintergrund der Frage h\u00f6rt man den Preisunterschied? Und falls ja ist der Zugewinn an H\u00f6rqualit\u00e4t den entsprechenden Betrag wirklich wert?. Knappe 500 Franken f\u00fcr einen angeblich nur 10 Stunden gespielten Kopfh\u00f6rer zum Austesten konnten mich nicht bewegen dieser Frage nachzugehen. Aber man kann das Ding ja mal auf die Merkliste setzen. Als nach einigen Tagen oder Wochen das Sofortkaufen Angebot bei 375,- Franken steht dr\u00fccke ich in einen schwachen Moment den Kauf-Button \u2013 ich hab ja schliesslich gerade erst ein paar Edelstahlentwicklungsspulen verkauft. (Die nat\u00fcrlich bei weitem nicht die notwendige Summe eingebracht haben, aber so redet man sich seine K\u00e4ufe immer wieder selber sch\u00f6n).<\/p>\n<p>Mit der angelesenen Erkenntnis, dass ein Kopfh\u00f6rer wie der Aeon2 bei ggf. gew\u00fcnschtem mobilen Einsatz von einer zus\u00e4tzlichen Verst\u00e4rkung profitiert, habe ich mir noch gleich ein USB DAC-Dongle geg\u00f6nnt. iBasso DC06, keine eigene Stromversorgung, kein Schnickschnack, nur 2 Ausg\u00e4nge einen f\u00fcr 3,5mm Klinke nicht-symmetrisch und einen f\u00fcr 4,4mm Klinke symmetrisch, mal sehen was das kann.<\/p>\n<p>&nbsp;<\/p>\n","protected":false},"excerpt":{"rendered":"<p>Abendlicher Musikgenuss bei etwas mehr als Zimmerlautst\u00e4rke kann zu vorger\u00fcckter Stunde die gut nachbarlichen Beziehungen in einem Mehrfamilienhaus durchaus strapazieren. Die naheliegende L\u00f6sung heisst da Kopfh\u00f6rer anziehen. Und genau das rangierte bei mir bislang eher unter der Kategorie Hassliebe. Ob \u00abIn-Ear\u00bb oder \u00abOver-Ear\u00bb. Mal st\u00f6rt das dumpfe Gef\u00fchl dicht abschliessender St\u00f6psel, dann nervt die Notwendigkeit&hellip;<\/p>\n","protected":false},"author":2,"featured_media":270,"comment_status":"open","ping_status":"open","sticky":false,"template":"","format":"standard","meta":{"_jetpack_newsletter_access":"","_jetpack_dont_email_post_to_subs":false,"_jetpack_newsletter_tier_id":0,"_jetpack_memberships_contains_paywalled_content":false,"_jetpack_feature_clip_id":0,"_jetpack_memberships_contains_paid_content":false,"footnotes":"","jetpack_post_was_ever_published":false},"categories":[16,37,6],"tags":[51,52,53,56,55,50,57,39,54],"class_list":["post-275","post","type-post","status-publish","format-standard","has-post-thumbnail","hentry","category-hifi-equipment","category-kopfhoerer","category-musik","tag-akg","tag-bw","tag-bowers-wilkins","tag-dan-clark","tag-grado","tag-headphones","tag-hifiman","tag-kopfhoerer","tag-sony"],"jetpack-related-posts":[],"jetpack_sharing_enabled":true,"jetpack_featured_media_url":"https:\/\/i0.wp.com\/blackwhiteround.de\/wp-content\/uploads\/2023\/04\/headphones-scaled.jpg?fit=2560%2C1920&ssl=1","_links":{"self":[{"href":"https:\/\/blackwhiteround.de\/index.php?rest_route=\/wp\/v2\/posts\/275","targetHints":{"allow":["GET"]}}],"collection":[{"href":"https:\/\/blackwhiteround.de\/index.php?rest_route=\/wp\/v2\/posts"}],"about":[{"href":"https:\/\/blackwhiteround.de\/index.php?rest_route=\/wp\/v2\/types\/post"}],"author":[{"embeddable":true,"href":"https:\/\/blackwhiteround.de\/index.php?rest_route=\/wp\/v2\/users\/2"}],"replies":[{"embeddable":true,"href":"https:\/\/blackwhiteround.de\/index.php?rest_route=%2Fwp%2Fv2%2Fcomments&post=275"}],"version-history":[{"count":1,"href":"https:\/\/blackwhiteround.de\/index.php?rest_route=\/wp\/v2\/posts\/275\/revisions"}],"predecessor-version":[{"id":276,"href":"https:\/\/blackwhiteround.de\/index.php?rest_route=\/wp\/v2\/posts\/275\/revisions\/276"}],"wp:featuredmedia":[{"embeddable":true,"href":"https:\/\/blackwhiteround.de\/index.php?rest_route=\/wp\/v2\/media\/270"}],"wp:attachment":[{"href":"https:\/\/blackwhiteround.de\/index.php?rest_route=%2Fwp%2Fv2%2Fmedia&parent=275"}],"wp:term":[{"taxonomy":"category","embeddable":true,"href":"https:\/\/blackwhiteround.de\/index.php?rest_route=%2Fwp%2Fv2%2Fcategories&post=275"},{"taxonomy":"post_tag","embeddable":true,"href":"https:\/\/blackwhiteround.de\/index.php?rest_route=%2Fwp%2Fv2%2Ftags&post=275"}],"curies":[{"name":"wp","href":"https:\/\/api.w.org\/{rel}","templated":true}]}}